{"id":570,"date":"2020-02-20T11:03:40","date_gmt":"2020-02-20T16:03:40","guid":{"rendered":"https:\/\/radio100.moeb.ca\/opening-of-the-temporary-exhibit-100-years-of-radio-broadcasting-in-montreal\/"},"modified":"2020-08-13T20:51:25","modified_gmt":"2020-08-14T00:51:25","slug":"moeb-temporary-exhibit","status":"publish","type":"post","link":"https:\/\/radio100.moeb.ca\/en\/moeb-temporary-exhibit\/","title":{"rendered":"Temporary exhibit &#8211; 100 years of radio broadcasting in Montreal"},"content":{"rendered":"<p>As part of the celebration for the Centennial of Broadcasting in Canada, this new exhibition commemorates the development of radio technology throughout the last 100 years. Montreal being positioned as paramount in radio innovation, visitors will learn about radio pioneers, historical objects, and the first Canadian broadcasting stations.<br \/>\n&nbsp;<br \/>\n<a href=\"https:\/\/moeb.ca\/en\/contact\" rel=\"noopener noreferrer\" target=\"_blank\"><strong>Contact the Mus\u00e9e des ondes Emile Berliner to schedule your appointment!<\/strong><\/a><br \/>\n&nbsp;<br \/>\n&nbsp;<\/p>\n<h2>More to come soon!<\/h2>\n","protected":false},"excerpt":{"rendered":"<p>New temporary exhibit at the Mus\u00e9e des ondes Emile Berliner.<\/p>\n","protected":false},"author":1,"featured_media":567,"comment_status":"open","ping_status":"open","sticky":false,"template":"","format":"standard","meta":{"_acf_changed":false,"_genesis_hide_title":false,"_genesis_hide_breadcrumbs":false,"_genesis_hide_singular_image":false,"_genesis_hide_footer_widgets":false,"_genesis_custom_body_class":"","_genesis_custom_post_class":"","_genesis_layout":"","ngg_post_thumbnail":0,"footnotes":""},"categories":[2],"tags":[],"class_list":{"0":"post-570","1":"post","2":"type-post","3":"status-publish","4":"format-standard","5":"has-post-thumbnail","7":"category-uncategorized","8":"entry"},"acf":[],"yoast_head":"<!-- This site is optimized with the Yoast SEO plugin v27.3 - https:\/\/yoast.com\/product\/yoast-seo-wordpress\/ -->\n<title>Temporary exhibit - 100 years of radio broadcasting in Montreal - Centennial of broadcasting in Canada<\/title>\n<meta name=\"robots\" content=\"index, follow, max-snippet:-1, max-image-preview:large, max-video-preview:-1\" \/>\n<link rel=\"canonical\" href=\"https:\/\/radio100.moeb.ca\/en\/moeb-temporary-exhibit\/\" \/>\n<meta property=\"og:locale\" content=\"en_US\" \/>\n<meta property=\"og:type\" content=\"article\" \/>\n<meta property=\"og:title\" content=\"Temporary exhibit - 100 years of radio broadcasting in Montreal - Centennial of broadcasting in Canada\" \/>\n<meta property=\"og:description\" content=\"New temporary exhibit at the Mus\u00e9e des ondes Emile Berliner.\" \/>\n<meta property=\"og:url\" content=\"https:\/\/radio100.moeb.ca\/en\/moeb-temporary-exhibit\/\" \/>\n<meta property=\"og:site_name\" content=\"Centennial of broadcasting in Canada\" \/>\n<meta property=\"article:published_time\" content=\"2020-02-20T16:03:40+00:00\" \/>\n<meta property=\"article:modified_time\" content=\"2020-08-14T00:51:25+00:00\" \/>\n<meta property=\"og:image\" content=\"https:\/\/radio100.moeb.ca\/wp-content\/uploads\/2019\/12\/100ans_202002-1.png\" \/>\n\t<meta property=\"og:image:width\" content=\"2048\" \/>\n\t<meta property=\"og:image:height\" content=\"2048\" \/>\n\t<meta property=\"og:image:type\" content=\"image\/png\" \/>\n<meta name=\"author\" content=\"adminfrank\" \/>\n<meta name=\"twitter:card\" content=\"summary_large_image\" \/>\n<meta name=\"twitter:label1\" content=\"Written by\" \/>\n\t<meta name=\"twitter:data1\" content=\"adminfrank\" \/>\n<script type=\"application\/ld+json\" class=\"yoast-schema-graph\">{\"@context\":\"https:\\\/\\\/schema.org\",\"@graph\":[{\"@type\":\"Article\",\"@id\":\"https:\\\/\\\/radio100.moeb.ca\\\/en\\\/moeb-temporary-exhibit\\\/#article\",\"isPartOf\":{\"@id\":\"https:\\\/\\\/radio100.moeb.ca\\\/en\\\/moeb-temporary-exhibit\\\/\"},\"author\":{\"name\":\"adminfrank\",\"@id\":\"https:\\\/\\\/radio100.moeb.ca\\\/en\\\/#\\\/schema\\\/person\\\/3a5152eb9e7b4ec26208a93ac18e9237\"},\"headline\":\"Temporary exhibit &#8211; 100 years of radio broadcasting in Montreal\",\"datePublished\":\"2020-02-20T16:03:40+00:00\",\"dateModified\":\"2020-08-14T00:51:25+00:00\",\"mainEntityOfPage\":{\"@id\":\"https:\\\/\\\/radio100.moeb.ca\\\/en\\\/moeb-temporary-exhibit\\\/\"},\"wordCount\":75,\"commentCount\":0,\"image\":{\"@id\":\"https:\\\/\\\/radio100.moeb.ca\\\/en\\\/moeb-temporary-exhibit\\\/#primaryimage\"},\"thumbnailUrl\":\"https:\\\/\\\/radio100.moeb.ca\\\/wp-content\\\/uploads\\\/2019\\\/12\\\/100ans_202002-1.png\",\"inLanguage\":\"en-US\",\"potentialAction\":[{\"@type\":\"CommentAction\",\"name\":\"Comment\",\"target\":[\"https:\\\/\\\/radio100.moeb.ca\\\/en\\\/moeb-temporary-exhibit\\\/#respond\"]}]},{\"@type\":\"WebPage\",\"@id\":\"https:\\\/\\\/radio100.moeb.ca\\\/en\\\/moeb-temporary-exhibit\\\/\",\"url\":\"https:\\\/\\\/radio100.moeb.ca\\\/en\\\/moeb-temporary-exhibit\\\/\",\"name\":\"Temporary exhibit - 100 years of radio broadcasting in Montreal - Centennial of broadcasting in Canada\",\"isPartOf\":{\"@id\":\"https:\\\/\\\/radio100.moeb.ca\\\/en\\\/#website\"},\"primaryImageOfPage\":{\"@id\":\"https:\\\/\\\/radio100.moeb.ca\\\/en\\\/moeb-temporary-exhibit\\\/#primaryimage\"},\"image\":{\"@id\":\"https:\\\/\\\/radio100.moeb.ca\\\/en\\\/moeb-temporary-exhibit\\\/#primaryimage\"},\"thumbnailUrl\":\"https:\\\/\\\/radio100.moeb.ca\\\/wp-content\\\/uploads\\\/2019\\\/12\\\/100ans_202002-1.png\",\"datePublished\":\"2020-02-20T16:03:40+00:00\",\"dateModified\":\"2020-08-14T00:51:25+00:00\",\"author\":{\"@id\":\"https:\\\/\\\/radio100.moeb.ca\\\/en\\\/#\\\/schema\\\/person\\\/3a5152eb9e7b4ec26208a93ac18e9237\"},\"breadcrumb\":{\"@id\":\"https:\\\/\\\/radio100.moeb.ca\\\/en\\\/moeb-temporary-exhibit\\\/#breadcrumb\"},\"inLanguage\":\"en-US\",\"potentialAction\":[{\"@type\":\"ReadAction\",\"target\":[\"https:\\\/\\\/radio100.moeb.ca\\\/en\\\/moeb-temporary-exhibit\\\/\"]}]},{\"@type\":\"ImageObject\",\"inLanguage\":\"en-US\",\"@id\":\"https:\\\/\\\/radio100.moeb.ca\\\/en\\\/moeb-temporary-exhibit\\\/#primaryimage\",\"url\":\"https:\\\/\\\/radio100.moeb.ca\\\/wp-content\\\/uploads\\\/2019\\\/12\\\/100ans_202002-1.png\",\"contentUrl\":\"https:\\\/\\\/radio100.moeb.ca\\\/wp-content\\\/uploads\\\/2019\\\/12\\\/100ans_202002-1.png\",\"width\":2048,\"height\":2048},{\"@type\":\"BreadcrumbList\",\"@id\":\"https:\\\/\\\/radio100.moeb.ca\\\/en\\\/moeb-temporary-exhibit\\\/#breadcrumb\",\"itemListElement\":[{\"@type\":\"ListItem\",\"position\":1,\"name\":\"Home\",\"item\":\"https:\\\/\\\/radio100.moeb.ca\\\/en\\\/\"},{\"@type\":\"ListItem\",\"position\":2,\"name\":\"Uncategorized\",\"item\":\"https:\\\/\\\/radio100.moeb.ca\\\/en\\\/cat\\\/uncategorized\\\/\"},{\"@type\":\"ListItem\",\"position\":3,\"name\":\"Temporary exhibit &#8211; 100 years of radio broadcasting in Montreal\"}]},{\"@type\":\"WebSite\",\"@id\":\"https:\\\/\\\/radio100.moeb.ca\\\/en\\\/#website\",\"url\":\"https:\\\/\\\/radio100.moeb.ca\\\/en\\\/\",\"name\":\"Centennial of broadcasting in Canada\",\"description\":\"\",\"potentialAction\":[{\"@type\":\"SearchAction\",\"target\":{\"@type\":\"EntryPoint\",\"urlTemplate\":\"https:\\\/\\\/radio100.moeb.ca\\\/en\\\/?s={search_term_string}\"},\"query-input\":{\"@type\":\"PropertyValueSpecification\",\"valueRequired\":true,\"valueName\":\"search_term_string\"}}],\"inLanguage\":\"en-US\"},{\"@type\":\"Person\",\"@id\":\"https:\\\/\\\/radio100.moeb.ca\\\/en\\\/#\\\/schema\\\/person\\\/3a5152eb9e7b4ec26208a93ac18e9237\",\"name\":\"adminfrank\"}]}<\/script>\n<!-- \/ Yoast SEO plugin. -->","yoast_head_json":{"title":"Temporary exhibit - 100 years of radio broadcasting in Montreal - Centennial of broadcasting in Canada","robots":{"index":"index","follow":"follow","max-snippet":"max-snippet:-1","max-image-preview":"max-image-preview:large","max-video-preview":"max-video-preview:-1"},"canonical":"https:\/\/radio100.moeb.ca\/en\/moeb-temporary-exhibit\/","og_locale":"en_US","og_type":"article","og_title":"Temporary exhibit - 100 years of radio broadcasting in Montreal - Centennial of broadcasting in Canada","og_description":"New temporary exhibit at the Mus\u00e9e des ondes Emile Berliner.","og_url":"https:\/\/radio100.moeb.ca\/en\/moeb-temporary-exhibit\/","og_site_name":"Centennial of broadcasting in Canada","article_published_time":"2020-02-20T16:03:40+00:00","article_modified_time":"2020-08-14T00:51:25+00:00","og_image":[{"width":2048,"height":2048,"url":"https:\/\/radio100.moeb.ca\/wp-content\/uploads\/2019\/12\/100ans_202002-1.png","type":"image\/png"}],"author":"adminfrank","twitter_card":"summary_large_image","twitter_misc":{"Written by":"adminfrank"},"schema":{"@context":"https:\/\/schema.org","@graph":[{"@type":"Article","@id":"https:\/\/radio100.moeb.ca\/en\/moeb-temporary-exhibit\/#article","isPartOf":{"@id":"https:\/\/radio100.moeb.ca\/en\/moeb-temporary-exhibit\/"},"author":{"name":"adminfrank","@id":"https:\/\/radio100.moeb.ca\/en\/#\/schema\/person\/3a5152eb9e7b4ec26208a93ac18e9237"},"headline":"Temporary exhibit &#8211; 100 years of radio broadcasting in Montreal","datePublished":"2020-02-20T16:03:40+00:00","dateModified":"2020-08-14T00:51:25+00:00","mainEntityOfPage":{"@id":"https:\/\/radio100.moeb.ca\/en\/moeb-temporary-exhibit\/"},"wordCount":75,"commentCount":0,"image":{"@id":"https:\/\/radio100.moeb.ca\/en\/moeb-temporary-exhibit\/#primaryimage"},"thumbnailUrl":"https:\/\/radio100.moeb.ca\/wp-content\/uploads\/2019\/12\/100ans_202002-1.png","inLanguage":"en-US","potentialAction":[{"@type":"CommentAction","name":"Comment","target":["https:\/\/radio100.moeb.ca\/en\/moeb-temporary-exhibit\/#respond"]}]},{"@type":"WebPage","@id":"https:\/\/radio100.moeb.ca\/en\/moeb-temporary-exhibit\/","url":"https:\/\/radio100.moeb.ca\/en\/moeb-temporary-exhibit\/","name":"Temporary exhibit - 100 years of radio broadcasting in Montreal - Centennial of broadcasting in Canada","isPartOf":{"@id":"https:\/\/radio100.moeb.ca\/en\/#website"},"primaryImageOfPage":{"@id":"https:\/\/radio100.moeb.ca\/en\/moeb-temporary-exhibit\/#primaryimage"},"image":{"@id":"https:\/\/radio100.moeb.ca\/en\/moeb-temporary-exhibit\/#primaryimage"},"thumbnailUrl":"https:\/\/radio100.moeb.ca\/wp-content\/uploads\/2019\/12\/100ans_202002-1.png","datePublished":"2020-02-20T16:03:40+00:00","dateModified":"2020-08-14T00:51:25+00:00","author":{"@id":"https:\/\/radio100.moeb.ca\/en\/#\/schema\/person\/3a5152eb9e7b4ec26208a93ac18e9237"},"breadcrumb":{"@id":"https:\/\/radio100.moeb.ca\/en\/moeb-temporary-exhibit\/#breadcrumb"},"inLanguage":"en-US","potentialAction":[{"@type":"ReadAction","target":["https:\/\/radio100.moeb.ca\/en\/moeb-temporary-exhibit\/"]}]},{"@type":"ImageObject","inLanguage":"en-US","@id":"https:\/\/radio100.moeb.ca\/en\/moeb-temporary-exhibit\/#primaryimage","url":"https:\/\/radio100.moeb.ca\/wp-content\/uploads\/2019\/12\/100ans_202002-1.png","contentUrl":"https:\/\/radio100.moeb.ca\/wp-content\/uploads\/2019\/12\/100ans_202002-1.png","width":2048,"height":2048},{"@type":"BreadcrumbList","@id":"https:\/\/radio100.moeb.ca\/en\/moeb-temporary-exhibit\/#breadcrumb","itemListElement":[{"@type":"ListItem","position":1,"name":"Home","item":"https:\/\/radio100.moeb.ca\/en\/"},{"@type":"ListItem","position":2,"name":"Uncategorized","item":"https:\/\/radio100.moeb.ca\/en\/cat\/uncategorized\/"},{"@type":"ListItem","position":3,"name":"Temporary exhibit &#8211; 100 years of radio broadcasting in Montreal"}]},{"@type":"WebSite","@id":"https:\/\/radio100.moeb.ca\/en\/#website","url":"https:\/\/radio100.moeb.ca\/en\/","name":"Centennial of broadcasting in Canada","description":"","potentialAction":[{"@type":"SearchAction","target":{"@type":"EntryPoint","urlTemplate":"https:\/\/radio100.moeb.ca\/en\/?s={search_term_string}"},"query-input":{"@type":"PropertyValueSpecification","valueRequired":true,"valueName":"search_term_string"}}],"inLanguage":"en-US"},{"@type":"Person","@id":"https:\/\/radio100.moeb.ca\/en\/#\/schema\/person\/3a5152eb9e7b4ec26208a93ac18e9237","name":"adminfrank"}]}},"wpml_current_locale":"en_US","wpml_translations":[{"locale":"fr_FR","id":287,"post_title":"Exposition temporaire - 100 ans de radiodiffusion \u00e0 Montr\u00e9al","href":"https:\/\/radio100.moeb.ca\/moeb-exposition-temporaire\/","content":"<p>Dans le cadre des c\u00e9l\u00e9brations du Centenaire de la radiodiffusion au Canada, la nouvelle exposition comm\u00e9more l\u2019\u00e9volution de la technologie radio au cours des cent derni\u00e8res ann\u00e9es. Depuis toujours, Montr\u00e9al se d\u00e9finit comme p\u00f4le d\u2019innovation en mati\u00e8re de radio. Les visiteurs pourront le constater dans la pr\u00e9sentation de pionniers de la radio, d\u2019art\u00e9facts et des premi\u00e8res stations canadiennes de radiodiffusion.<\/p>\n<p>&nbsp;<br \/>\n<a href=\"https:\/\/moeb.ca\/contact\" rel=\"noopener noreferrer\" target=\"_blank\"><strong>Contactez le Mus\u00e9e des onde Emile Berliner pour prendre rendez-vous!<\/strong><\/a><\/p>\n<p>&nbsp;<br \/>\n&nbsp;<\/p>\n<h2>Plus \u00e0 venir bient\u00f4t!<\/h2>\n","excerpt":"Nouvelle exposition temporaire du Mus\u00e9e des ondes Emile Berliner.","acf":{"article_date":"27 February 2020","article_date_fin":"27 February 2021","article_lieu":"Mus\u00e9e des ondes Emile Berliner","information_sur_la_visite":"<p>Adresse : 1001 Rue Lenoir, Montr\u00e9al, QC H4C 2Z6<\/p>\n<p>Heures d&#8217;ouverture: Lundi-Vendredi 10h-16h \/\/ Samedi &amp; Dimanche 14h-17h<\/p>\n<p>Cout d&#8217;entr\u00e9e: $5 adulte, $3 enfants\/senior\/groupes 5+<\/p>\n<p>M\u00e9tro le plus proche : Place Saint-Henri<br \/>\nAutobus: 17, 77, 78<br \/>\nAccessibilit\u00e9 : ascenseur sur place<\/p>\n","colonne_droite":"<h3>Organisateur<\/h3>\n<p><img decoding=\"async\" class=\"alignnone size-full wp-image-48\" src=\"https:\/\/radio100.moeb.ca\/wp-content\/uploads\/2019\/11\/logo-moeb.jpg\" alt=\"MOEB\" width=\"277\" height=\"158\" \/><\/p>\n","article_resume2":""}}],"_links":{"self":[{"href":"https:\/\/radio100.moeb.ca\/en\/wp-json\/wp\/v2\/posts\/570","targetHints":{"allow":["GET"]}}],"collection":[{"href":"https:\/\/radio100.moeb.ca\/en\/wp-json\/wp\/v2\/posts"}],"about":[{"href":"https:\/\/radio100.moeb.ca\/en\/wp-json\/wp\/v2\/types\/post"}],"author":[{"embeddable":true,"href":"https:\/\/radio100.moeb.ca\/en\/wp-json\/wp\/v2\/users\/1"}],"replies":[{"embeddable":true,"href":"https:\/\/radio100.moeb.ca\/en\/wp-json\/wp\/v2\/comments?post=570"}],"version-history":[{"count":0,"href":"https:\/\/radio100.moeb.ca\/en\/wp-json\/wp\/v2\/posts\/570\/revisions"}],"wp:featuredmedia":[{"embeddable":true,"href":"https:\/\/radio100.moeb.ca\/en\/wp-json\/wp\/v2\/media\/567"}],"wp:attachment":[{"href":"https:\/\/radio100.moeb.ca\/en\/wp-json\/wp\/v2\/media?parent=570"}],"wp:term":[{"taxonomy":"category","embeddable":true,"href":"https:\/\/radio100.moeb.ca\/en\/wp-json\/wp\/v2\/categories?post=570"},{"taxonomy":"post_tag","embeddable":true,"href":"https:\/\/radio100.moeb.ca\/en\/wp-json\/wp\/v2\/tags?post=570"}],"curies":[{"name":"wp","href":"https:\/\/api.w.org\/{rel}","templated":true}]}}